{"id":207,"date":"2023-02-02T08:53:08","date_gmt":"2023-02-02T07:53:08","guid":{"rendered":"https:\/\/buchbergmilch.at\/1Wordpress\/?p=207"},"modified":"2023-03-29T15:52:33","modified_gmt":"2023-03-29T13:52:33","slug":"shop","status":"publish","type":"post","link":"https:\/\/buchbergmilch.at\/1Wordpress\/2023\/02\/02\/shop\/","title":{"rendered":"SHOP"},"content":{"rendered":"\n<h2 class=\"has-text-align-center wp-block-heading\">Bestellung<\/h2>\n\n\n\n<p class=\"has-text-align-center\">Einfach \u00fcber unser Bestellformular &#8211; <strong><a href=\"https:\/\/buchbergmilch.at\/1Wordpress\/bestellung\/\" data-type=\"page\" data-id=\"269\">HIER BESTELLEN <\/a><\/strong><\/p>\n\n\n\n<p class=\"has-text-align-center\">Die Verrechnung der gelieferten Produkte erfolgt monatlich per Einzugserm\u00e4chtigung oder \u00dcberweisung.<\/p>\n\n\n\n<p class=\"has-text-align-center\">Belieferung derzeit in <\/p>\n\n\n\n<p class=\"has-text-align-center\">&#8211; Mattsee<br>&#8211; Obertrum<br>&#8211; Seeham<br>&#8211; Palting<br>&#8211; Schleedorf<br>&#8211; K\u00f6stendorf<\/p>\n\n\n\n<p class=\"has-text-align-center\">Auch beim SPAR Matle in Berndorf, ADEG Danbauer in Neumarkt, LAGERHAUS in Obertrum am See, B\u00c4CKEREI NEUHOFER Neuhofer in Mattsee und im DORFLADEN in Perwang findet ihr uns! <\/p>\n\n\n\n<p class=\"has-text-align-center\">F\u00e4llt ein Auslieferungstag auf einen Feiertag, so f\u00e4llt dieser g\u00e4nzlich aus!<\/p>\n\n\n\n<h2 class=\"has-text-align-center wp-block-heading\">&#8230; oder ihr schaut einfach bei uns am Hof vorbei?<\/h2>\n\n\n\n<figure class=\"wp-block-image size-large\"><img fetchpriority=\"high\" decoding=\"async\" width=\"1024\" height=\"681\" src=\"https:\/\/buchbergmilch.at\/1Wordpress\/wp-content\/uploads\/2023\/02\/Familie_Aigner_Monika_Helminger_Fotografie_003-1024x681.jpg\" alt=\"\" class=\"wp-image-208\" srcset=\"https:\/\/buchbergmilch.at\/1Wordpress\/wp-content\/uploads\/2023\/02\/Familie_Aigner_Monika_Helminger_Fotografie_003-1024x681.jpg 1024w, https:\/\/buchbergmilch.at\/1Wordpress\/wp-content\/uploads\/2023\/02\/Familie_Aigner_Monika_Helminger_Fotografie_003-300x200.jpg 300w, https:\/\/buchbergmilch.at\/1Wordpress\/wp-content\/uploads\/2023\/02\/Familie_Aigner_Monika_Helminger_Fotografie_003-768x511.jpg 768w, https:\/\/buchbergmilch.at\/1Wordpress\/wp-content\/uploads\/2023\/02\/Familie_Aigner_Monika_Helminger_Fotografie_003-1536x1022.jpg 1536w, https:\/\/buchbergmilch.at\/1Wordpress\/wp-content\/uploads\/2023\/02\/Familie_Aigner_Monika_Helminger_Fotografie_003-2048x1362.jpg 2048w, https:\/\/buchbergmilch.at\/1Wordpress\/wp-content\/uploads\/2023\/02\/Familie_Aigner_Monika_Helminger_Fotografie_003-360x240.jpg 360w\" sizes=\"(max-width: 1024px) 100vw, 1024px\" \/><\/figure>\n\n\n\n<p class=\"has-text-align-center\">2022 er\u00f6ffneten wir unseren <strong>Selbstbedienungsladen<\/strong>. <\/p>\n\n\n\n<p class=\"has-text-align-center\">Dieser ist die ganze Woche <strong>von 8:00 &#8211; 19:00 Uhr <\/strong>ge\u00f6ffnet. Besonders freuen wir uns, wenn ihr euch noch etwas Zeit nehmt und unseren Hof erkundet, da entstehen oft sehr nette Gespr\u00e4che.<\/p>\n\n\n\n<figure class=\"wp-block-gallery has-nested-images columns-default is-cropped wp-block-gallery-1 is-layout-flex wp-block-gallery-is-layout-flex\">\n<figure class=\"wp-block-image size-large\"><img decoding=\"async\" width=\"1024\" height=\"683\" data-id=\"228\" src=\"https:\/\/buchbergmilch.at\/1Wordpress\/wp-content\/uploads\/2023\/02\/Familie_Aigner_Monika_Helminger_Fotografie_205-1024x683.jpg\" alt=\"\" class=\"wp-image-228\" srcset=\"https:\/\/buchbergmilch.at\/1Wordpress\/wp-content\/uploads\/2023\/02\/Familie_Aigner_Monika_Helminger_Fotografie_205-1024x683.jpg 1024w, https:\/\/buchbergmilch.at\/1Wordpress\/wp-content\/uploads\/2023\/02\/Familie_Aigner_Monika_Helminger_Fotografie_205-300x200.jpg 300w, https:\/\/buchbergmilch.at\/1Wordpress\/wp-content\/uploads\/2023\/02\/Familie_Aigner_Monika_Helminger_Fotografie_205-768x512.jpg 768w, https:\/\/buchbergmilch.at\/1Wordpress\/wp-content\/uploads\/2023\/02\/Familie_Aigner_Monika_Helminger_Fotografie_205-1536x1024.jpg 1536w, https:\/\/buchbergmilch.at\/1Wordpress\/wp-content\/uploads\/2023\/02\/Familie_Aigner_Monika_Helminger_Fotografie_205-2048x1365.jpg 2048w, https:\/\/buchbergmilch.at\/1Wordpress\/wp-content\/uploads\/2023\/02\/Familie_Aigner_Monika_Helminger_Fotografie_205-360x240.jpg 360w\" sizes=\"(max-width: 1024px) 100vw, 1024px\" \/><\/figure>\n\n\n\n<figure class=\"wp-block-image size-large\"><img decoding=\"async\" width=\"1024\" height=\"681\" data-id=\"229\" src=\"https:\/\/buchbergmilch.at\/1Wordpress\/wp-content\/uploads\/2023\/02\/Familie_Aigner_Monika_Helminger_Fotografie_208_sw-1024x681.jpg\" alt=\"\" class=\"wp-image-229\" srcset=\"https:\/\/buchbergmilch.at\/1Wordpress\/wp-content\/uploads\/2023\/02\/Familie_Aigner_Monika_Helminger_Fotografie_208_sw-1024x681.jpg 1024w, https:\/\/buchbergmilch.at\/1Wordpress\/wp-content\/uploads\/2023\/02\/Familie_Aigner_Monika_Helminger_Fotografie_208_sw-300x200.jpg 300w, https:\/\/buchbergmilch.at\/1Wordpress\/wp-content\/uploads\/2023\/02\/Familie_Aigner_Monika_Helminger_Fotografie_208_sw-768x511.jpg 768w, https:\/\/buchbergmilch.at\/1Wordpress\/wp-content\/uploads\/2023\/02\/Familie_Aigner_Monika_Helminger_Fotografie_208_sw-1536x1022.jpg 1536w, https:\/\/buchbergmilch.at\/1Wordpress\/wp-content\/uploads\/2023\/02\/Familie_Aigner_Monika_Helminger_Fotografie_208_sw-2048x1362.jpg 2048w, https:\/\/buchbergmilch.at\/1Wordpress\/wp-content\/uploads\/2023\/02\/Familie_Aigner_Monika_Helminger_Fotografie_208_sw-360x240.jpg 360w\" sizes=\"(max-width: 1024px) 100vw, 1024px\" \/><\/figure>\n\n\n\n<figure class=\"wp-block-image size-large\"><img loading=\"lazy\" decoding=\"async\" width=\"1024\" height=\"681\" data-id=\"230\" src=\"https:\/\/buchbergmilch.at\/1Wordpress\/wp-content\/uploads\/2023\/02\/Familie_Aigner_Monika_Helminger_Fotografie_157_sw-1024x681.jpg\" alt=\"\" class=\"wp-image-230\" srcset=\"https:\/\/buchbergmilch.at\/1Wordpress\/wp-content\/uploads\/2023\/02\/Familie_Aigner_Monika_Helminger_Fotografie_157_sw-1024x681.jpg 1024w, https:\/\/buchbergmilch.at\/1Wordpress\/wp-content\/uploads\/2023\/02\/Familie_Aigner_Monika_Helminger_Fotografie_157_sw-300x200.jpg 300w, https:\/\/buchbergmilch.at\/1Wordpress\/wp-content\/uploads\/2023\/02\/Familie_Aigner_Monika_Helminger_Fotografie_157_sw-768x511.jpg 768w, https:\/\/buchbergmilch.at\/1Wordpress\/wp-content\/uploads\/2023\/02\/Familie_Aigner_Monika_Helminger_Fotografie_157_sw-1536x1022.jpg 1536w, https:\/\/buchbergmilch.at\/1Wordpress\/wp-content\/uploads\/2023\/02\/Familie_Aigner_Monika_Helminger_Fotografie_157_sw-2048x1362.jpg 2048w, https:\/\/buchbergmilch.at\/1Wordpress\/wp-content\/uploads\/2023\/02\/Familie_Aigner_Monika_Helminger_Fotografie_157_sw-360x240.jpg 360w\" sizes=\"(max-width: 1024px) 100vw, 1024px\" \/><\/figure>\n\n\n\n<figure class=\"wp-block-image size-large\"><img loading=\"lazy\" decoding=\"async\" width=\"1024\" height=\"683\" data-id=\"231\" src=\"https:\/\/buchbergmilch.at\/1Wordpress\/wp-content\/uploads\/2023\/02\/Familie_Aigner_Monika_Helminger_Fotografie_158_sw-1024x683.jpg\" alt=\"\" class=\"wp-image-231\" srcset=\"https:\/\/buchbergmilch.at\/1Wordpress\/wp-content\/uploads\/2023\/02\/Familie_Aigner_Monika_Helminger_Fotografie_158_sw-1024x683.jpg 1024w, https:\/\/buchbergmilch.at\/1Wordpress\/wp-content\/uploads\/2023\/02\/Familie_Aigner_Monika_Helminger_Fotografie_158_sw-300x200.jpg 300w, https:\/\/buchbergmilch.at\/1Wordpress\/wp-content\/uploads\/2023\/02\/Familie_Aigner_Monika_Helminger_Fotografie_158_sw-768x512.jpg 768w, https:\/\/buchbergmilch.at\/1Wordpress\/wp-content\/uploads\/2023\/02\/Familie_Aigner_Monika_Helminger_Fotografie_158_sw-1536x1024.jpg 1536w, https:\/\/buchbergmilch.at\/1Wordpress\/wp-content\/uploads\/2023\/02\/Familie_Aigner_Monika_Helminger_Fotografie_158_sw-2048x1365.jpg 2048w, https:\/\/buchbergmilch.at\/1Wordpress\/wp-content\/uploads\/2023\/02\/Familie_Aigner_Monika_Helminger_Fotografie_158_sw-360x240.jpg 360w\" sizes=\"(max-width: 1024px) 100vw, 1024px\" \/><\/figure>\n<\/figure>\n\n\n\n<p class=\"has-text-align-center\">Au\u00dferdem sind bei uns Kinder jederzeit willkommen, unsere K\u00e4lbchen freuen sich \u00fcber jede Streicheleinheit.<\/p>\n\n\n\n<figure class=\"wp-block-gallery has-nested-images columns-default is-cropped wp-block-gallery-2 is-layout-flex wp-block-gallery-is-layout-flex\">\n<figure class=\"wp-block-image size-large\"><img loading=\"lazy\" decoding=\"async\" width=\"1024\" height=\"674\" data-id=\"101\" src=\"https:\/\/buchbergmilch.at\/1Wordpress\/wp-content\/uploads\/2023\/01\/Familie_Aigner_Monika_Helminger_Fotografie_035-1024x674.jpg\" alt=\"\" class=\"wp-image-101\" srcset=\"https:\/\/buchbergmilch.at\/1Wordpress\/wp-content\/uploads\/2023\/01\/Familie_Aigner_Monika_Helminger_Fotografie_035-1024x674.jpg 1024w, https:\/\/buchbergmilch.at\/1Wordpress\/wp-content\/uploads\/2023\/01\/Familie_Aigner_Monika_Helminger_Fotografie_035-300x198.jpg 300w, https:\/\/buchbergmilch.at\/1Wordpress\/wp-content\/uploads\/2023\/01\/Familie_Aigner_Monika_Helminger_Fotografie_035-768x506.jpg 768w, https:\/\/buchbergmilch.at\/1Wordpress\/wp-content\/uploads\/2023\/01\/Familie_Aigner_Monika_Helminger_Fotografie_035-1536x1011.jpg 1536w, https:\/\/buchbergmilch.at\/1Wordpress\/wp-content\/uploads\/2023\/01\/Familie_Aigner_Monika_Helminger_Fotografie_035-2048x1348.jpg 2048w, https:\/\/buchbergmilch.at\/1Wordpress\/wp-content\/uploads\/2023\/01\/Familie_Aigner_Monika_Helminger_Fotografie_035-2000x1317.jpg 2000w\" sizes=\"(max-width: 1024px) 100vw, 1024px\" \/><\/figure>\n\n\n\n<figure class=\"wp-block-image size-large\"><img loading=\"lazy\" decoding=\"async\" width=\"1024\" height=\"683\" data-id=\"99\" src=\"https:\/\/buchbergmilch.at\/1Wordpress\/wp-content\/uploads\/2023\/01\/Familie_Aigner_Monika_Helminger_Fotografie_029-1024x683.jpg\" alt=\"\" class=\"wp-image-99\" srcset=\"https:\/\/buchbergmilch.at\/1Wordpress\/wp-content\/uploads\/2023\/01\/Familie_Aigner_Monika_Helminger_Fotografie_029-1024x683.jpg 1024w, https:\/\/buchbergmilch.at\/1Wordpress\/wp-content\/uploads\/2023\/01\/Familie_Aigner_Monika_Helminger_Fotografie_029-300x200.jpg 300w, https:\/\/buchbergmilch.at\/1Wordpress\/wp-content\/uploads\/2023\/01\/Familie_Aigner_Monika_Helminger_Fotografie_029-768x512.jpg 768w, https:\/\/buchbergmilch.at\/1Wordpress\/wp-content\/uploads\/2023\/01\/Familie_Aigner_Monika_Helminger_Fotografie_029-1536x1024.jpg 1536w, https:\/\/buchbergmilch.at\/1Wordpress\/wp-content\/uploads\/2023\/01\/Familie_Aigner_Monika_Helminger_Fotografie_029-2048x1365.jpg 2048w, https:\/\/buchbergmilch.at\/1Wordpress\/wp-content\/uploads\/2023\/01\/Familie_Aigner_Monika_Helminger_Fotografie_029-2000x1333.jpg 2000w\" sizes=\"(max-width: 1024px) 100vw, 1024px\" \/><\/figure>\n\n\n\n<figure class=\"wp-block-image size-large\"><img loading=\"lazy\" decoding=\"async\" width=\"1024\" height=\"681\" data-id=\"95\" src=\"https:\/\/buchbergmilch.at\/1Wordpress\/wp-content\/uploads\/2023\/01\/Familie_Aigner_Monika_Helminger_Fotografie_123-1024x681.jpg\" alt=\"\" class=\"wp-image-95\" srcset=\"https:\/\/buchbergmilch.at\/1Wordpress\/wp-content\/uploads\/2023\/01\/Familie_Aigner_Monika_Helminger_Fotografie_123-1024x681.jpg 1024w, https:\/\/buchbergmilch.at\/1Wordpress\/wp-content\/uploads\/2023\/01\/Familie_Aigner_Monika_Helminger_Fotografie_123-300x200.jpg 300w, https:\/\/buchbergmilch.at\/1Wordpress\/wp-content\/uploads\/2023\/01\/Familie_Aigner_Monika_Helminger_Fotografie_123-768x511.jpg 768w, https:\/\/buchbergmilch.at\/1Wordpress\/wp-content\/uploads\/2023\/01\/Familie_Aigner_Monika_Helminger_Fotografie_123-1536x1022.jpg 1536w, https:\/\/buchbergmilch.at\/1Wordpress\/wp-content\/uploads\/2023\/01\/Familie_Aigner_Monika_Helminger_Fotografie_123-2048x1362.jpg 2048w, https:\/\/buchbergmilch.at\/1Wordpress\/wp-content\/uploads\/2023\/01\/Familie_Aigner_Monika_Helminger_Fotografie_123-2000x1331.jpg 2000w\" sizes=\"(max-width: 1024px) 100vw, 1024px\" \/><\/figure>\n<\/figure>\n","protected":false},"excerpt":{"rendered":"<p>Bestellung Einfach \u00fcber unser Bestellformular &#8211; HIER BESTELLEN Die Verrechnung der gelieferten Produkte erfolgt monatlich per Einzugserm\u00e4chtigung oder \u00dcberweisung. Belieferung derzeit in &#8211; Mattsee&#8211; Obertrum&#8211; Seeham&#8211; Palting&#8211; Schleedorf&#8211; K\u00f6stendorf Auch beim SPAR Matle in Berndorf, ADEG Danbauer in Neumarkt, LAGERHAUS in Obertrum am See, B\u00c4CKEREI NEUHOFER Neuhofer in Mattsee und [&hellip;]<\/p>\n","protected":false},"author":2,"featured_media":0,"comment_status":"closed","ping_status":"closed","sticky":false,"template":"","format":"standard","meta":{"footnotes":""},"categories":[6],"tags":[],"class_list":["post-207","post","type-post","status-publish","format-standard","hentry","category-einkaufen_shop"],"_links":{"self":[{"href":"https:\/\/buchbergmilch.at\/1Wordpress\/wp-json\/wp\/v2\/posts\/207","targetHints":{"allow":["GET"]}}],"collection":[{"href":"https:\/\/buchbergmilch.at\/1Wordpress\/wp-json\/wp\/v2\/posts"}],"about":[{"href":"https:\/\/buchbergmilch.at\/1Wordpress\/wp-json\/wp\/v2\/types\/post"}],"author":[{"embeddable":true,"href":"https:\/\/buchbergmilch.at\/1Wordpress\/wp-json\/wp\/v2\/users\/2"}],"replies":[{"embeddable":true,"href":"https:\/\/buchbergmilch.at\/1Wordpress\/wp-json\/wp\/v2\/comments?post=207"}],"version-history":[{"count":8,"href":"https:\/\/buchbergmilch.at\/1Wordpress\/wp-json\/wp\/v2\/posts\/207\/revisions"}],"predecessor-version":[{"id":332,"href":"https:\/\/buchbergmilch.at\/1Wordpress\/wp-json\/wp\/v2\/posts\/207\/revisions\/332"}],"wp:attachment":[{"href":"https:\/\/buchbergmilch.at\/1Wordpress\/wp-json\/wp\/v2\/media?parent=207"}],"wp:term":[{"taxonomy":"category","embeddable":true,"href":"https:\/\/buchbergmilch.at\/1Wordpress\/wp-json\/wp\/v2\/categories?post=207"},{"taxonomy":"post_tag","embeddable":true,"href":"https:\/\/buchbergmilch.at\/1Wordpress\/wp-json\/wp\/v2\/tags?post=207"}],"curies":[{"name":"wp","href":"https:\/\/api.w.org\/{rel}","templated":true}]}}